[{"@context":"https:\/\/schema.org\/","@type":"Article","@id":"https:\/\/www.lekus.cz\/fandime-nasemu-sportu\/#Article","mainEntityOfPage":"https:\/\/www.lekus.cz\/fandime-nasemu-sportu\/","headline":"Fand\u00edme na\u0161emu sportu","name":"Fand\u00edme na\u0161emu sportu","description":"Jsme p\u0159esv\u011bd\u010deni, \u017ee v\u0161ichni, kdo fand\u00ed na\u0161emu sportu, ji\u017e v\u011bd\u00ed, \u017ee jsme op\u011bt vyhr\u00e1li t\u00fdmovou sout\u011b\u017e \u017een ve Fed Cupu. Tahouny v na\u0161em t\u00fdmu byly op\u011bt Kv\u011bta Kvitov\u00e1 a Lucie \u0160af\u00e1\u0159ov\u00e1. Na\u0161i mu\u017ei se neprobojovali do fin\u00e1le Davisova poh\u00e1ru. Je t\u0159eba v\u0161ak objektivn\u011b p\u0159iznat, \u017ee francouzsk\u00fd t\u00fdm nastoupit k z\u00e1pas\u016fm v t\u00e9 nejsiln\u011bj\u0161\u00ed sestav\u011b. Ur\u010dit\u011b &hellip;","datePublished":"2025-01-04","dateModified":"2025-01-04","author":{"@type":"Person","@id":"https:\/\/www.lekus.cz\/author\/#Person","name":"lekus.cz\n","url":"https:\/\/www.lekus.cz\/author\/","identifier":1,"image":{"@type":"ImageObject","@id":"https:\/\/secure.gravatar.com\/avatar\/a6945111a6684c356ffa2edea93eeeab9450e38d2439d8ecd0a625f734db9218?s=96&d=mm&r=g","url":"https:\/\/secure.gravatar.com\/avatar\/a6945111a6684c356ffa2edea93eeeab9450e38d2439d8ecd0a625f734db9218?s=96&d=mm&r=g","height":96,"width":96}},"publisher":{"@type":"Organization","name":"lekus.cz","logo":{"@type":"ImageObject","@id":"\/logo.png","url":"\/logo.png","width":600,"height":60}},"url":"https:\/\/www.lekus.cz\/fandime-nasemu-sportu\/","wordCount":184,"articleBody":"Jsme p\u0159esv\u011bd\u010deni, \u017ee v\u0161ichni, kdo fand\u00ed na\u0161emu sportu, ji\u017e v\u011bd\u00ed, \u017ee jsme op\u011bt vyhr\u00e1li t\u00fdmovou sout\u011b\u017e \u017een ve Fed Cupu. Tahouny v na\u0161em t\u00fdmu byly op\u011bt Kv\u011bta Kvitov\u00e1 a Lucie \u0160af\u00e1\u0159ov\u00e1. Na\u0161i mu\u017ei se neprobojovali do fin\u00e1le Davisova poh\u00e1ru. Je t\u0159eba v\u0161ak objektivn\u011b p\u0159iznat, \u017ee francouzsk\u00fd t\u00fdm nastoupit k z\u00e1pas\u016fm v t\u00e9 nejsiln\u011bj\u0161\u00ed sestav\u011b. Ur\u010dit\u011b jste se sezn\u00e1mili s tenisem v\u00fdsledky. T\u00fdmov\u00e9 sout\u011b\u017ee dru\u017estev zvl\u00e1d\u00e1me na v\u00fdbornou Ur\u010dit\u011b v\u0161ichni sledujeme v\u0161echny z\u00e1pasy obou na\u0161ich dru\u017estev. M\u00e1me v sou\u010dasn\u00e9 dob\u011b velmi kvalitn\u00ed hr\u00e1\u010de a hr\u00e1\u010dky. Zejm\u00e9na \u017eeny se velmi dob\u0159e prosadily a porazily ve fin\u00e1le Fed Cupu siln\u00fd t\u00fdm N\u011bmecka. Byli mohutn\u011b povzbuzov\u00e1ny na\u0161\u00edm publikem. V\u017edy\u0165 se hr\u00e1lo v Praze. N\u00e1\u0161 tenis v\u00fdsledky n\u00e1s informoval o v\u0161em d\u016fle\u017eit\u00e9m v jednotliv\u00fdch utk\u00e1n\u00edch.            3.5\/5 - (4 votes)    "},{"@context":"https:\/\/schema.org\/","@type":"BreadcrumbList","itemListElement":[{"@type":"ListItem","position":1,"name":"Fand\u00edme na\u0161emu sportu","item":"https:\/\/www.lekus.cz\/fandime-nasemu-sportu\/#breadcrumbitem"}]}]