{"@context":"https:\/\/schema.org\/","@type":"CollectionPage","@id":"https:\/\/www.lekus.cz\/dovolena\/#CollectionPage","headline":"Dovolen\u00e1 Category","description":"","url":"https:\/\/www.lekus.cz\/dovolena\/","hasPart":[{"@type":"Article","@id":"https:\/\/www.lekus.cz\/texas-6-top-mist-k-videni\/","headline":"Texas \u2013 6 top m\u00edst k vid\u011bn\u00ed","url":"https:\/\/www.lekus.cz\/texas-6-top-mist-k-videni\/","datePublished":"2025-03-06","dateModified":"2023-04-28","mainEntityOfPage":"https:\/\/www.lekus.cz\/texas-6-top-mist-k-videni\/","author":{"@type":"Person","@id":"https:\/\/www.lekus.cz\/author\/#Person","name":"lekus.cz\n","url":"https:\/\/www.lekus.cz\/author\/","identifier":1,"image":{"@type":"ImageObject","@id":"https:\/\/secure.gravatar.com\/avatar\/a6945111a6684c356ffa2edea93eeeab9450e38d2439d8ecd0a625f734db9218?s=96&d=mm&r=g","url":"https:\/\/secure.gravatar.com\/avatar\/a6945111a6684c356ffa2edea93eeeab9450e38d2439d8ecd0a625f734db9218?s=96&d=mm&r=g","height":96,"width":96}},"publisher":{"@type":"Organization","name":"lekus.cz","logo":{"@type":"ImageObject","@id":"\/logo.png","url":"\/logo.png","width":600,"height":60}},"image":{"@type":"ImageObject","@id":"https:\/\/www.lekus.cz\/wp-content\/uploads\/img_a306821_w2045_t1518031864.jpg","url":"https:\/\/www.lekus.cz\/wp-content\/uploads\/img_a306821_w2045_t1518031864.jpg","height":0,"width":0},"keywords":null},{"@type":"Article","@id":"https:\/\/www.lekus.cz\/mesto-na-kraji-reky\/","headline":"M\u011bsto na kraji \u0159eky","url":"https:\/\/www.lekus.cz\/mesto-na-kraji-reky\/","datePublished":"2018-01-19","dateModified":"2023-04-28","mainEntityOfPage":"https:\/\/www.lekus.cz\/mesto-na-kraji-reky\/","author":{"@type":"Person","@id":"https:\/\/www.lekus.cz\/author\/#Person","name":"lekus.cz\n","url":"https:\/\/www.lekus.cz\/author\/","identifier":1,"image":{"@type":"ImageObject","@id":"https:\/\/secure.gravatar.com\/avatar\/a6945111a6684c356ffa2edea93eeeab9450e38d2439d8ecd0a625f734db9218?s=96&d=mm&r=g","url":"https:\/\/secure.gravatar.com\/avatar\/a6945111a6684c356ffa2edea93eeeab9450e38d2439d8ecd0a625f734db9218?s=96&d=mm&r=g","height":96,"width":96}},"publisher":{"@type":"Organization","name":"lekus.cz","logo":{"@type":"ImageObject","@id":"\/logo.png","url":"\/logo.png","width":600,"height":60}},"image":{"@type":"ImageObject","@id":"https:\/\/www.lekus.cz\/wp-content\/uploads\/img_a310553_w1913_t1521495412.jpg","url":"https:\/\/www.lekus.cz\/wp-content\/uploads\/img_a310553_w1913_t1521495412.jpg","height":0,"width":0},"keywords":null},{"@type":"Article","@id":"https:\/\/www.lekus.cz\/skalni-mesto-bludne-skaly\/","headline":"Skaln\u00ed m\u011bsto Bludn\u00e9 sk\u00e1ly","url":"https:\/\/www.lekus.cz\/skalni-mesto-bludne-skaly\/","datePublished":"2017-07-19","dateModified":"2023-04-28","mainEntityOfPage":"https:\/\/www.lekus.cz\/skalni-mesto-bludne-skaly\/","author":{"@type":"Person","@id":"https:\/\/www.lekus.cz\/author\/#Person","name":"lekus.cz\n","url":"https:\/\/www.lekus.cz\/author\/","identifier":1,"image":{"@type":"ImageObject","@id":"https:\/\/secure.gravatar.com\/avatar\/a6945111a6684c356ffa2edea93eeeab9450e38d2439d8ecd0a625f734db9218?s=96&d=mm&r=g","url":"https:\/\/secure.gravatar.com\/avatar\/a6945111a6684c356ffa2edea93eeeab9450e38d2439d8ecd0a625f734db9218?s=96&d=mm&r=g","height":96,"width":96}},"publisher":{"@type":"Organization","name":"lekus.cz","logo":{"@type":"ImageObject","@id":"\/logo.png","url":"\/logo.png","width":600,"height":60}},"image":{"@type":"ImageObject","@id":"https:\/\/www.lekus.cz\/wp-content\/uploads\/img_a293558_w1913_t1505823235.jpg","url":"https:\/\/www.lekus.cz\/wp-content\/uploads\/img_a293558_w1913_t1505823235.jpg","height":0,"width":0},"keywords":null},{"@type":"Article","@id":"https:\/\/www.lekus.cz\/san-marino-a-jeho-obdivuhodnosti\/","headline":"San Marino a jeho obdivuhodnosti","url":"https:\/\/www.lekus.cz\/san-marino-a-jeho-obdivuhodnosti\/","datePublished":"2017-07-19","dateModified":"2023-04-28","mainEntityOfPage":"https:\/\/www.lekus.cz\/san-marino-a-jeho-obdivuhodnosti\/","author":{"@type":"Person","@id":"https:\/\/www.lekus.cz\/author\/#Person","name":"lekus.cz\n","url":"https:\/\/www.lekus.cz\/author\/","identifier":1,"image":{"@type":"ImageObject","@id":"https:\/\/secure.gravatar.com\/avatar\/a6945111a6684c356ffa2edea93eeeab9450e38d2439d8ecd0a625f734db9218?s=96&d=mm&r=g","url":"https:\/\/secure.gravatar.com\/avatar\/a6945111a6684c356ffa2edea93eeeab9450e38d2439d8ecd0a625f734db9218?s=96&d=mm&r=g","height":96,"width":96}},"publisher":{"@type":"Organization","name":"lekus.cz","logo":{"@type":"ImageObject","@id":"\/logo.png","url":"\/logo.png","width":600,"height":60}},"image":{"@type":"ImageObject","@id":"https:\/\/www.lekus.cz\/wp-content\/uploads\/img_a293557_w1913_t1505823129.jpg","url":"https:\/\/www.lekus.cz\/wp-content\/uploads\/img_a293557_w1913_t1505823129.jpg","height":0,"width":0},"keywords":null},{"@type":"Article","@id":"https:\/\/www.lekus.cz\/dovolena-levne-jde-to-ale-musite-vedet-jak-a-kdy-na-to\/","headline":"Dovolen\u00e1 levn\u011b \u2013 jde to, ale mus\u00edte v\u011bd\u011bt, jak a kdy na to!","url":"https:\/\/www.lekus.cz\/dovolena-levne-jde-to-ale-musite-vedet-jak-a-kdy-na-to\/","datePublished":"2017-06-11","dateModified":"2023-04-28","mainEntityOfPage":"https:\/\/www.lekus.cz\/dovolena-levne-jde-to-ale-musite-vedet-jak-a-kdy-na-to\/","author":{"@type":"Person","@id":"https:\/\/www.lekus.cz\/author\/#Person","name":"lekus.cz\n","url":"https:\/\/www.lekus.cz\/author\/","identifier":1,"image":{"@type":"ImageObject","@id":"https:\/\/secure.gravatar.com\/avatar\/a6945111a6684c356ffa2edea93eeeab9450e38d2439d8ecd0a625f734db9218?s=96&d=mm&r=g","url":"https:\/\/secure.gravatar.com\/avatar\/a6945111a6684c356ffa2edea93eeeab9450e38d2439d8ecd0a625f734db9218?s=96&d=mm&r=g","height":96,"width":96}},"publisher":{"@type":"Organization","name":"lekus.cz","logo":{"@type":"ImageObject","@id":"\/logo.png","url":"\/logo.png","width":600,"height":60}},"image":{"@type":"ImageObject","@id":"https:\/\/www.lekus.cz\/wp-content\/uploads\/img_a290213_w1913_t1502430985.jpg","url":"https:\/\/www.lekus.cz\/wp-content\/uploads\/img_a290213_w1913_t1502430985.jpg","height":0,"width":0},"keywords":null},{"@type":"Article","@id":"https:\/\/www.lekus.cz\/panama-je-zde-vice-nez-jenom-nejuzsi-misto-mezi-tichym-a-atlantskym-oceanem\/","headline":"Panama: je zde v\u00edce ne\u017e jenom neju\u017e\u0161\u00ed m\u00edsto mezi Tich\u00fdm a Atlantsk\u00fdm oce\u00e1nem","url":"https:\/\/www.lekus.cz\/panama-je-zde-vice-nez-jenom-nejuzsi-misto-mezi-tichym-a-atlantskym-oceanem\/","datePublished":"2017-02-28","dateModified":"2023-04-28","mainEntityOfPage":"https:\/\/www.lekus.cz\/panama-je-zde-vice-nez-jenom-nejuzsi-misto-mezi-tichym-a-atlantskym-oceanem\/","author":{"@type":"Person","@id":"https:\/\/www.lekus.cz\/author\/#Person","name":"lekus.cz\n","url":"https:\/\/www.lekus.cz\/author\/","identifier":1,"image":{"@type":"ImageObject","@id":"https:\/\/secure.gravatar.com\/avatar\/a6945111a6684c356ffa2edea93eeeab9450e38d2439d8ecd0a625f734db9218?s=96&d=mm&r=g","url":"https:\/\/secure.gravatar.com\/avatar\/a6945111a6684c356ffa2edea93eeeab9450e38d2439d8ecd0a625f734db9218?s=96&d=mm&r=g","height":96,"width":96}},"publisher":{"@type":"Organization","name":"lekus.cz","logo":{"@type":"ImageObject","@id":"\/logo.png","url":"\/logo.png","width":600,"height":60}},"image":null,"keywords":null}]}